{"id":29,"date":"2025-02-11T16:26:59","date_gmt":"2025-02-11T19:26:59","guid":{"rendered":"https:\/\/www.gabbinetto.com.br\/blog\/?p=29"},"modified":"2025-12-05T16:40:55","modified_gmt":"2025-12-05T19:40:55","slug":"como-escolher-a-divisoria-corporativa-ideal-para-o-seu-escritorio","status":"publish","type":"post","link":"https:\/\/www.gabbinetto.com.br\/blog\/divisoria-corporativa\/como-escolher-a-divisoria-corporativa-ideal-para-o-seu-escritorio\/","title":{"rendered":"Como escolher a divis\u00f3ria corporativa ideal para o seu escrit\u00f3rio"},"content":{"rendered":"<span class=\"span-reading-time rt-reading-time\" style=\"display: block;\"><span class=\"rt-label rt-prefix\">Tempo de leitura:<\/span> <span class=\"rt-time\"> 2<\/span> <span class=\"rt-label rt-postfix\">minutos<\/span><\/span>\n<p><strong><em>Escolha a divis\u00f3ria corporativa ideal com as solu\u00e7\u00f5es sob medida da Gabbinetto, garantindo est\u00e9tica e funcionalidade.<\/em><\/strong><\/p>\n\n\n\n<p>A organiza\u00e7\u00e3o de um espa\u00e7o corporativo influencia diretamente na produtividade e no bem-estar dos funcion\u00e1rios.&nbsp;<\/p>\n\n\n\n<p>Uma das formas mais eficientes de otimizar espa\u00e7os e garantir a privacidade necess\u00e1ria no ambiente de trabalho \u00e9 atrav\u00e9s do uso de <strong>divis\u00f3rias corporativas<\/strong>.&nbsp;<\/p>\n\n\n\n<p>Este artigo explora como selecionar a divis\u00e3o corporativa ideal para o seu escrit\u00f3rio, considerando diferentes necessidades e ambientes.<\/p>\n\n\n\n<p><a href=\"https:\/\/www.gabbinetto.com.br\/blog\/2025\/02\/11\/as-melhores-opcoes-de-assentos-corporativos-para-seu-escritorio\/\">As melhores op\u00e7\u00f5es de assentos corporativos para seu escrit\u00f3rio<\/a><\/p>\n\n\n\n<div id=\"ez-toc-container\" class=\"ez-toc-v2_0_72 counter-hierarchy ez-toc-counter ez-toc-grey ez-toc-container-direction\">\n<div class=\"ez-toc-title-container\">\n<p class=\"ez-toc-title\" style=\"cursor:inherit\">O que abordaremos neste artigo:<\/p>\n<span class=\"ez-toc-title-toggle\"><a href=\"#\" class=\"ez-toc-pull-right ez-toc-btn ez-toc-btn-xs ez-toc-btn-default ez-toc-toggle\" aria-label=\"Toggle Table of Content\"><span class=\"ez-toc-js-icon-con\"><span class=\"\"><span class=\"eztoc-hide\" style=\"display:none;\">Toggle<\/span><span class=\"ez-toc-icon-toggle-span\"><svg style=\"fill: #999;color:#999\" xmlns=\"http:\/\/www.w3.org\/2000\/svg\" class=\"list-377408\" width=\"20px\" height=\"20px\" viewBox=\"0 0 24 24\" fill=\"none\"><path d=\"M6 6H4v2h2V6zm14 0H8v2h12V6zM4 11h2v2H4v-2zm16 0H8v2h12v-2zM4 16h2v2H4v-2zm16 0H8v2h12v-2z\" fill=\"currentColor\"><\/path><\/svg><svg style=\"fill: #999;color:#999\" class=\"arrow-unsorted-368013\" xmlns=\"http:\/\/www.w3.org\/2000\/svg\" width=\"10px\" height=\"10px\" viewBox=\"0 0 24 24\" version=\"1.2\" baseProfile=\"tiny\"><path d=\"M18.2 9.3l-6.2-6.3-6.2 6.3c-.2.2-.3.4-.3.7s.1.5.3.7c.2.2.4.3.7.3h11c.3 0 .5-.1.7-.3.2-.2.3-.5.3-.7s-.1-.5-.3-.7zM5.8 14.7l6.2 6.3 6.2-6.3c.2-.2.3-.5.3-.7s-.1-.5-.3-.7c-.2-.2-.4-.3-.7-.3h-11c-.3 0-.5.1-.7.3-.2.2-.3.5-.3.7s.1.5.3.7z\"\/><\/svg><\/span><\/span><\/span><\/a><\/span><\/div>\n<nav><ul class='ez-toc-list ez-toc-list-level-1 ' ><li class='ez-toc-page-1 ez-toc-heading-level-2'><a class=\"ez-toc-link ez-toc-heading-1\" href=\"https:\/\/www.gabbinetto.com.br\/blog\/divisoria-corporativa\/como-escolher-a-divisoria-corporativa-ideal-para-o-seu-escritorio\/#O_que_e_uma_divisoria_corporativa\" title=\"O que \u00e9 uma divis\u00f3ria corporativa?\">O que \u00e9 uma divis\u00f3ria corporativa?<\/a><\/li><li class='ez-toc-page-1 ez-toc-heading-level-2'><a class=\"ez-toc-link ez-toc-heading-2\" href=\"https:\/\/www.gabbinetto.com.br\/blog\/divisoria-corporativa\/como-escolher-a-divisoria-corporativa-ideal-para-o-seu-escritorio\/#Quais_sao_os_tipos_de_divisoria\" title=\"Quais s\u00e3o os tipos de divis\u00f3ria?\">Quais s\u00e3o os tipos de divis\u00f3ria?<\/a><\/li><li class='ez-toc-page-1 ez-toc-heading-level-2'><a class=\"ez-toc-link ez-toc-heading-3\" href=\"https:\/\/www.gabbinetto.com.br\/blog\/divisoria-corporativa\/como-escolher-a-divisoria-corporativa-ideal-para-o-seu-escritorio\/#Quais_sao_as_vantagens\" title=\"Quais s\u00e3o as vantagens?\">Quais s\u00e3o as vantagens?<\/a><\/li><li class='ez-toc-page-1 ez-toc-heading-level-2'><a class=\"ez-toc-link ez-toc-heading-4\" href=\"https:\/\/www.gabbinetto.com.br\/blog\/divisoria-corporativa\/como-escolher-a-divisoria-corporativa-ideal-para-o-seu-escritorio\/#Onde_encontrar_uma_divisoria_corporativa\" title=\"Onde encontrar uma divis\u00f3ria corporativa?\">Onde encontrar uma divis\u00f3ria corporativa?<\/a><\/li><\/ul><\/nav><\/div>\n<h2 class=\"wp-block-heading\"><span class=\"ez-toc-section\" id=\"O_que_e_uma_divisoria_corporativa\"><\/span>O que \u00e9 uma divis\u00f3ria corporativa?<span class=\"ez-toc-section-end\"><\/span><\/h2>\n\n\n\n<p>Divis\u00f3rias corporativas s\u00e3o<strong> pain\u00e9is usados \u200b\u200bpara separar espa\u00e7os em ambientes de trabalho<\/strong>, criando \u00e1reas distintas para diferentes equipes ou departamentos sem a necessidade de constru\u00e7\u00f5es permanentes.&nbsp;<\/p>\n\n\n\n<p>Eles s\u00e3o projetados para serem flex\u00edveis, permitindo mudan\u00e7as de layout de acordo com a necessidade da empresa, e varia\u00e7\u00e3o de material, tamanho e funcionalidade.<\/p>\n\n\n\n<h2 class=\"wp-block-heading\"><span class=\"ez-toc-section\" id=\"Quais_sao_os_tipos_de_divisoria\"><\/span>Quais s\u00e3o os tipos de divis\u00f3ria?<span class=\"ez-toc-section-end\"><\/span><\/h2>\n\n\n\n<p>Existem v\u00e1rios tipos de divis\u00f3rias, cada uma adequada para diferentes necessidades e estilos de escrit\u00f3rio:<\/p>\n\n\n<div class=\"wp-block-image\">\n<figure class=\"alignright size-full is-resized\"><img loading=\"lazy\" decoding=\"async\" width=\"698\" height=\"453\" src=\"https:\/\/www.gabbinetto.com.br\/blog\/wp-content\/uploads\/2025\/02\/Captura-de-tela-4-1.jpg\" alt=\"\" class=\"wp-image-79\" style=\"width:320px;height:auto\" srcset=\"https:\/\/www.gabbinetto.com.br\/blog\/wp-content\/uploads\/2025\/02\/Captura-de-tela-4-1.jpg 698w, https:\/\/www.gabbinetto.com.br\/blog\/wp-content\/uploads\/2025\/02\/Captura-de-tela-4-1-300x195.jpg 300w\" sizes=\"auto, (max-width: 698px) 100vw, 698px\" \/><\/figure>\n<\/div>\n\n\n<ul class=\"wp-block-list\">\n<li><strong>Divis\u00f3rias de gesso acartonado<\/strong>: oferecem excelente isolamento ac\u00fastico e s\u00e3o ideais para escrit\u00f3rios que exigem privacidade.<br><\/li>\n\n\n\n<li><strong>Divis\u00f3rias de vidro<\/strong>: proporcionam um ambiente aberto e iluminado, favorecendo a transpar\u00eancia e a comunica\u00e7\u00e3o entre as equipes.<br><\/li>\n\n\n\n<li><strong>Divis\u00f3rias modulares<\/strong>: compostas por pain\u00e9is pr\u00e9-fabricados, s\u00e3o f\u00e1ceis de instalar e reorganizar, ideais para empresas com necessidades de espa\u00e7o flex\u00edvel.<br><\/li>\n\n\n\n<li><strong>Divis\u00f3rias m\u00f3veis<\/strong>: podem ser movidas ou reconfiguradas rapidamente, perfeitas para espa\u00e7os que hospedam eventos ou reuni\u00f5es variadas.<\/li>\n<\/ul>\n\n\n\n<h2 class=\"wp-block-heading\"><span class=\"ez-toc-section\" id=\"Quais_sao_as_vantagens\"><\/span>Quais s\u00e3o as vantagens?<span class=\"ez-toc-section-end\"><\/span><\/h2>\n\n\n\n<p>As divis\u00f5es corporativas oferecem diversas vantagens, incluindo:<\/p>\n\n\n\n<ul class=\"wp-block-list\">\n<li><strong>Flexibilidade<\/strong>: permitem mudan\u00e7as r\u00e1pidas no layout do escrit\u00f3rio, adaptando-se \u00e0s novas demandas sem grandes reformas.<br><\/li>\n\n\n\n<li><strong>Custo-efetividade<\/strong>: menos custos do que constru\u00e7\u00f5es permanentes, as divis\u00f3rias oferecem uma solu\u00e7\u00e3o econ\u00f4mica para a organiza\u00e7\u00e3o espacial.<br><\/li>\n\n\n\n<li><strong>Privacidade<\/strong>: isolamento proporcional necess\u00e1rio para reuni\u00f5es e trabalho completamente concentrado, sem isolar os funcion\u00e1rios.<br><\/li>\n\n\n\n<li><strong>Est\u00e9tica<\/strong>: dispon\u00edveis em diversos designs e materiais, podem complementar a decora\u00e7\u00e3o existente e fortalecer o visual da empresa.<\/li>\n<\/ul>\n\n\n\n<p><a href=\"https:\/\/gabbinetto.com.br\/blog\/2025\/02\/11\/mobiliario-corporativo-como-escolher-as-melhores-opcoes-para-seu-escritorio\/\">Mobili\u00e1rio corporativo: como escolher as melhores op\u00e7\u00f5es para seu escrit\u00f3rio<\/a><\/p>\n\n\n\n<h2 class=\"wp-block-heading\"><span class=\"ez-toc-section\" id=\"Onde_encontrar_uma_divisoria_corporativa\"><\/span>Onde encontrar uma divis\u00f3ria corporativa?<span class=\"ez-toc-section-end\"><\/span><\/h2>\n\n\n\n<p>Para empresas que buscam solu\u00e7\u00f5es sob medida em divis\u00f5es corporativas, o Gabbinetto \u00e9 uma escolha excelente. Especializada na fabrica\u00e7\u00e3o e elabora\u00e7\u00e3o de projetos completos de mobili\u00e1rio corporativo, a <strong>Gabbinetto <\/strong>combina qualidade e design inovador.&nbsp;<\/p>\n\n\n\n<p>Suas solu\u00e7\u00f5es incluem elementos de conforto ac\u00fastico e est\u00e9tico, projetados para promover o bem-estar e a efici\u00eancia no local de trabalho. A Gabbinetto \u00e9 reconhecida por sua habilidade em adaptar-se \u00e0s necessidades espec\u00edficas de cada cliente, oferecendo produtos que n\u00e3o apenas dividem espa\u00e7os, mas os transformam.<\/p>\n\n\n\n<p><a href=\"https:\/\/www.gabbinetto.com.br\/\">Entre em contato conosco!<\/a><\/p>\n\n\n\n<p>O que achou do conte\u00fado? Caso tenha gostado, continue acompanhando o blog da Gabbinetto e saiba mais informa\u00e7\u00f5es!<\/p>\n\n\n\n<p>At\u00e9 a pr\u00f3xima!<\/p>\n","protected":false},"excerpt":{"rendered":"<p><span class=\"span-reading-time rt-reading-time\" style=\"display: block;\"><span class=\"rt-label rt-prefix\">Tempo de leitura:<\/span> <span class=\"rt-time\"> 2<\/span> <span class=\"rt-label rt-postfix\">minutos<\/span><\/span>Escolha a divis\u00f3ria corporativa ideal com as solu\u00e7\u00f5es sob medida da Gabbinetto, garantindo est\u00e9tica e funcionalidade. A organiza\u00e7\u00e3o de um espa\u00e7o corporativo influencia diretamente na produtividade e no bem-estar dos funcion\u00e1rios.&nbsp; Uma das formas mais eficientes de otimizar espa\u00e7os e garantir a privacidade necess\u00e1ria no ambiente de trabalho \u00e9 atrav\u00e9s do uso de divis\u00f3rias corporativas.&nbsp; &hellip; <\/p>\n","protected":false},"author":1,"featured_media":78,"comment_status":"open","ping_status":"open","sticky":false,"template":"","format":"standard","meta":{"footnotes":""},"categories":[5],"tags":[19,31,24,15,22,26,33,21,34,27,23,20,32,18,30,25,28,29,16,17],"class_list":["post-29","post","type-post","status-publish","format-standard","has-post-thumbnail","hentry","category-divisoria-corporativa","tag-comprar-divisorias","tag-conforto-no-trabalho","tag-design-de-escritorio","tag-divisoria-corporativa","tag-divisorias-acusticas","tag-divisorias-de-gesso","tag-divisorias-de-qualidade","tag-divisorias-de-vidro","tag-divisorias-flexiveis","tag-divisorias-modulares","tag-divisorias-moveis","tag-divisorias-para-escritorio","tag-eficiencia-no-escritorio","tag-gabbinetto-divisorias","tag-mobilia-corporativa","tag-otimizacao-de-espaco","tag-privacidade-no-escritorio","tag-solucoes-para-escritorio","tag-tipos-de-divisoria","tag-vantagens-de-divisorias","latest_post"],"yoast_head":"<!-- This site is optimized with the Yoast SEO plugin v24.4 - https:\/\/yoast.com\/wordpress\/plugins\/seo\/ -->\n<title>Divis\u00f3ria Corporativa Ideal | Gabbinetto<\/title>\n<meta name=\"description\" content=\"Escolha a divis\u00f3ria corporativa ideal com as solu\u00e7\u00f5es sob medida da Gabbinetto, garantindo est\u00e9tica e funcionalidade.\" \/>\n<meta name=\"robots\" content=\"index, follow, max-snippet:-1, max-image-preview:large, max-video-preview:-1\" \/>\n<link rel=\"canonical\" href=\"https:\/\/www.gabbinetto.com.br\/blog\/divisoria-corporativa\/como-escolher-a-divisoria-corporativa-ideal-para-o-seu-escritorio\/\" \/>\n<meta property=\"og:locale\" content=\"pt_BR\" \/>\n<meta property=\"og:type\" content=\"article\" \/>\n<meta property=\"og:title\" content=\"Divis\u00f3ria Corporativa Ideal | Gabbinetto\" \/>\n<meta property=\"og:description\" content=\"Escolha a divis\u00f3ria corporativa ideal com as solu\u00e7\u00f5es sob medida da Gabbinetto, garantindo est\u00e9tica e funcionalidade.\" \/>\n<meta property=\"og:url\" content=\"https:\/\/www.gabbinetto.com.br\/blog\/divisoria-corporativa\/como-escolher-a-divisoria-corporativa-ideal-para-o-seu-escritorio\/\" \/>\n<meta property=\"og:site_name\" content=\"Blog Gabbinetto\" \/>\n<meta property=\"article:published_time\" content=\"2025-02-11T19:26:59+00:00\" \/>\n<meta property=\"article:modified_time\" content=\"2025-12-05T19:40:55+00:00\" \/>\n<meta property=\"og:image\" content=\"https:\/\/www.gabbinetto.com.br\/blog\/wp-content\/uploads\/2025\/02\/Captura-de-tela-4.jpg\" \/>\n\t<meta property=\"og:image:width\" content=\"698\" \/>\n\t<meta property=\"og:image:height\" content=\"453\" \/>\n\t<meta property=\"og:image:type\" content=\"image\/jpeg\" \/>\n<meta name=\"author\" content=\"admin\" \/>\n<meta name=\"twitter:card\" content=\"summary_large_image\" \/>\n<meta name=\"twitter:label1\" content=\"Escrito por\" \/>\n\t<meta name=\"twitter:data1\" content=\"admin\" \/>\n\t<meta name=\"twitter:label2\" content=\"Est. tempo de leitura\" \/>\n\t<meta name=\"twitter:data2\" content=\"3 minutos\" \/>\n<script type=\"application\/ld+json\" class=\"yoast-schema-graph\">{\"@context\":\"https:\/\/schema.org\",\"@graph\":[{\"@type\":\"Article\",\"@id\":\"https:\/\/www.gabbinetto.com.br\/blog\/divisoria-corporativa\/como-escolher-a-divisoria-corporativa-ideal-para-o-seu-escritorio\/#article\",\"isPartOf\":{\"@id\":\"https:\/\/www.gabbinetto.com.br\/blog\/divisoria-corporativa\/como-escolher-a-divisoria-corporativa-ideal-para-o-seu-escritorio\/\"},\"author\":{\"name\":\"admin\",\"@id\":\"https:\/\/www.gabbinetto.com.br\/blog\/#\/schema\/person\/0673bd2aa9044cb05f45399da65c9741\"},\"headline\":\"Como escolher a divis\u00f3ria corporativa ideal para o seu escrit\u00f3rio\",\"datePublished\":\"2025-02-11T19:26:59+00:00\",\"dateModified\":\"2025-12-05T19:40:55+00:00\",\"mainEntityOfPage\":{\"@id\":\"https:\/\/www.gabbinetto.com.br\/blog\/divisoria-corporativa\/como-escolher-a-divisoria-corporativa-ideal-para-o-seu-escritorio\/\"},\"wordCount\":519,\"commentCount\":0,\"publisher\":{\"@id\":\"https:\/\/www.gabbinetto.com.br\/blog\/#organization\"},\"image\":{\"@id\":\"https:\/\/www.gabbinetto.com.br\/blog\/divisoria-corporativa\/como-escolher-a-divisoria-corporativa-ideal-para-o-seu-escritorio\/#primaryimage\"},\"thumbnailUrl\":\"https:\/\/www.gabbinetto.com.br\/blog\/wp-content\/uploads\/2025\/02\/Captura-de-tela-4.jpg\",\"keywords\":[\"comprar divis\u00f3rias\",\"conforto no trabalho\",\"design de escrit\u00f3rio\",\"divis\u00f3ria corporativa\",\"divis\u00f3rias ac\u00fasticas\",\"divis\u00f3rias de gesso\",\"divis\u00f3rias de qualidade\",\"divis\u00f3rias de vidro\",\"divis\u00f3rias flex\u00edveis\",\"divis\u00f3rias modulares\",\"divis\u00f3rias m\u00f3veis\",\"divis\u00f3rias para escrit\u00f3rio\",\"efici\u00eancia no escrit\u00f3rio\",\"Gabbinetto divis\u00f3rias\",\"mob\u00edlia corporativa\",\"otimiza\u00e7\u00e3o de espa\u00e7o\",\"privacidade no escrit\u00f3rio\",\"solu\u00e7\u00f5es para escrit\u00f3rio\",\"tipos de divis\u00f3ria\",\"vantagens de divis\u00f3rias\"],\"articleSection\":[\"divis\u00f3ria corporativa\"],\"inLanguage\":\"pt-BR\",\"potentialAction\":[{\"@type\":\"CommentAction\",\"name\":\"Comment\",\"target\":[\"https:\/\/www.gabbinetto.com.br\/blog\/divisoria-corporativa\/como-escolher-a-divisoria-corporativa-ideal-para-o-seu-escritorio\/#respond\"]}]},{\"@type\":\"WebPage\",\"@id\":\"https:\/\/www.gabbinetto.com.br\/blog\/divisoria-corporativa\/como-escolher-a-divisoria-corporativa-ideal-para-o-seu-escritorio\/\",\"url\":\"https:\/\/www.gabbinetto.com.br\/blog\/divisoria-corporativa\/como-escolher-a-divisoria-corporativa-ideal-para-o-seu-escritorio\/\",\"name\":\"Divis\u00f3ria Corporativa Ideal | Gabbinetto\",\"isPartOf\":{\"@id\":\"https:\/\/www.gabbinetto.com.br\/blog\/#website\"},\"primaryImageOfPage\":{\"@id\":\"https:\/\/www.gabbinetto.com.br\/blog\/divisoria-corporativa\/como-escolher-a-divisoria-corporativa-ideal-para-o-seu-escritorio\/#primaryimage\"},\"image\":{\"@id\":\"https:\/\/www.gabbinetto.com.br\/blog\/divisoria-corporativa\/como-escolher-a-divisoria-corporativa-ideal-para-o-seu-escritorio\/#primaryimage\"},\"thumbnailUrl\":\"https:\/\/www.gabbinetto.com.br\/blog\/wp-content\/uploads\/2025\/02\/Captura-de-tela-4.jpg\",\"datePublished\":\"2025-02-11T19:26:59+00:00\",\"dateModified\":\"2025-12-05T19:40:55+00:00\",\"description\":\"Escolha a divis\u00f3ria corporativa ideal com as solu\u00e7\u00f5es sob medida da Gabbinetto, garantindo est\u00e9tica e funcionalidade.\",\"breadcrumb\":{\"@id\":\"https:\/\/www.gabbinetto.com.br\/blog\/divisoria-corporativa\/como-escolher-a-divisoria-corporativa-ideal-para-o-seu-escritorio\/#breadcrumb\"},\"inLanguage\":\"pt-BR\",\"potentialAction\":[{\"@type\":\"ReadAction\",\"target\":[\"https:\/\/www.gabbinetto.com.br\/blog\/divisoria-corporativa\/como-escolher-a-divisoria-corporativa-ideal-para-o-seu-escritorio\/\"]}]},{\"@type\":\"ImageObject\",\"inLanguage\":\"pt-BR\",\"@id\":\"https:\/\/www.gabbinetto.com.br\/blog\/divisoria-corporativa\/como-escolher-a-divisoria-corporativa-ideal-para-o-seu-escritorio\/#primaryimage\",\"url\":\"https:\/\/www.gabbinetto.com.br\/blog\/wp-content\/uploads\/2025\/02\/Captura-de-tela-4.jpg\",\"contentUrl\":\"https:\/\/www.gabbinetto.com.br\/blog\/wp-content\/uploads\/2025\/02\/Captura-de-tela-4.jpg\",\"width\":698,\"height\":453,\"caption\":\"Como escolher a divis\u00f3ria corporativa ideal para o seu escrit\u00f3rio\"},{\"@type\":\"BreadcrumbList\",\"@id\":\"https:\/\/www.gabbinetto.com.br\/blog\/divisoria-corporativa\/como-escolher-a-divisoria-corporativa-ideal-para-o-seu-escritorio\/#breadcrumb\",\"itemListElement\":[{\"@type\":\"ListItem\",\"position\":1,\"name\":\"In\u00edcio\",\"item\":\"https:\/\/www.gabbinetto.com.br\/blog\/\"},{\"@type\":\"ListItem\",\"position\":2,\"name\":\"Como escolher a divis\u00f3ria corporativa ideal para o seu escrit\u00f3rio\"}]},{\"@type\":\"WebSite\",\"@id\":\"https:\/\/www.gabbinetto.com.br\/blog\/#website\",\"url\":\"https:\/\/www.gabbinetto.com.br\/blog\/\",\"name\":\"Blog Gabbinetto\",\"description\":\"\",\"publisher\":{\"@id\":\"https:\/\/www.gabbinetto.com.br\/blog\/#organization\"},\"potentialAction\":[{\"@type\":\"SearchAction\",\"target\":{\"@type\":\"EntryPoint\",\"urlTemplate\":\"https:\/\/www.gabbinetto.com.br\/blog\/?s={search_term_string}\"},\"query-input\":{\"@type\":\"PropertyValueSpecification\",\"valueRequired\":true,\"valueName\":\"search_term_string\"}}],\"inLanguage\":\"pt-BR\"},{\"@type\":\"Organization\",\"@id\":\"https:\/\/www.gabbinetto.com.br\/blog\/#organization\",\"name\":\"Blog Gabbinetto\",\"url\":\"https:\/\/www.gabbinetto.com.br\/blog\/\",\"logo\":{\"@type\":\"ImageObject\",\"inLanguage\":\"pt-BR\",\"@id\":\"https:\/\/www.gabbinetto.com.br\/blog\/#\/schema\/logo\/image\/\",\"url\":\"https:\/\/www.gabbinetto.com.br\/blog\/wp-content\/uploads\/2025\/02\/imagem_2025-02-11_132110436.png\",\"contentUrl\":\"https:\/\/www.gabbinetto.com.br\/blog\/wp-content\/uploads\/2025\/02\/imagem_2025-02-11_132110436.png\",\"width\":734,\"height\":147,\"caption\":\"Blog Gabbinetto\"},\"image\":{\"@id\":\"https:\/\/www.gabbinetto.com.br\/blog\/#\/schema\/logo\/image\/\"}},{\"@type\":\"Person\",\"@id\":\"https:\/\/www.gabbinetto.com.br\/blog\/#\/schema\/person\/0673bd2aa9044cb05f45399da65c9741\",\"name\":\"admin\",\"image\":{\"@type\":\"ImageObject\",\"inLanguage\":\"pt-BR\",\"@id\":\"https:\/\/www.gabbinetto.com.br\/blog\/#\/schema\/person\/image\/\",\"url\":\"https:\/\/secure.gravatar.com\/avatar\/f3273dd18d95bc19d51d3e6356e4a679e6f13824497272a270e7bb540b0abb9d?s=96&d=mm&r=g\",\"contentUrl\":\"https:\/\/secure.gravatar.com\/avatar\/f3273dd18d95bc19d51d3e6356e4a679e6f13824497272a270e7bb540b0abb9d?s=96&d=mm&r=g\",\"caption\":\"admin\"},\"sameAs\":[\"https:\/\/www.gabbinetto.com.br\/blog\"],\"url\":\"https:\/\/www.gabbinetto.com.br\/blog\/author\/admin\/\"}]}<\/script>\n<!-- \/ Yoast SEO plugin. -->","yoast_head_json":{"title":"Divis\u00f3ria Corporativa Ideal | Gabbinetto","description":"Escolha a divis\u00f3ria corporativa ideal com as solu\u00e7\u00f5es sob medida da Gabbinetto, garantindo est\u00e9tica e funcionalidade.","robots":{"index":"index","follow":"follow","max-snippet":"max-snippet:-1","max-image-preview":"max-image-preview:large","max-video-preview":"max-video-preview:-1"},"canonical":"https:\/\/www.gabbinetto.com.br\/blog\/divisoria-corporativa\/como-escolher-a-divisoria-corporativa-ideal-para-o-seu-escritorio\/","og_locale":"pt_BR","og_type":"article","og_title":"Divis\u00f3ria Corporativa Ideal | Gabbinetto","og_description":"Escolha a divis\u00f3ria corporativa ideal com as solu\u00e7\u00f5es sob medida da Gabbinetto, garantindo est\u00e9tica e funcionalidade.","og_url":"https:\/\/www.gabbinetto.com.br\/blog\/divisoria-corporativa\/como-escolher-a-divisoria-corporativa-ideal-para-o-seu-escritorio\/","og_site_name":"Blog Gabbinetto","article_published_time":"2025-02-11T19:26:59+00:00","article_modified_time":"2025-12-05T19:40:55+00:00","og_image":[{"width":698,"height":453,"url":"https:\/\/www.gabbinetto.com.br\/blog\/wp-content\/uploads\/2025\/02\/Captura-de-tela-4.jpg","type":"image\/jpeg"}],"author":"admin","twitter_card":"summary_large_image","twitter_misc":{"Escrito por":"admin","Est. tempo de leitura":"3 minutos"},"schema":{"@context":"https:\/\/schema.org","@graph":[{"@type":"Article","@id":"https:\/\/www.gabbinetto.com.br\/blog\/divisoria-corporativa\/como-escolher-a-divisoria-corporativa-ideal-para-o-seu-escritorio\/#article","isPartOf":{"@id":"https:\/\/www.gabbinetto.com.br\/blog\/divisoria-corporativa\/como-escolher-a-divisoria-corporativa-ideal-para-o-seu-escritorio\/"},"author":{"name":"admin","@id":"https:\/\/www.gabbinetto.com.br\/blog\/#\/schema\/person\/0673bd2aa9044cb05f45399da65c9741"},"headline":"Como escolher a divis\u00f3ria corporativa ideal para o seu escrit\u00f3rio","datePublished":"2025-02-11T19:26:59+00:00","dateModified":"2025-12-05T19:40:55+00:00","mainEntityOfPage":{"@id":"https:\/\/www.gabbinetto.com.br\/blog\/divisoria-corporativa\/como-escolher-a-divisoria-corporativa-ideal-para-o-seu-escritorio\/"},"wordCount":519,"commentCount":0,"publisher":{"@id":"https:\/\/www.gabbinetto.com.br\/blog\/#organization"},"image":{"@id":"https:\/\/www.gabbinetto.com.br\/blog\/divisoria-corporativa\/como-escolher-a-divisoria-corporativa-ideal-para-o-seu-escritorio\/#primaryimage"},"thumbnailUrl":"https:\/\/www.gabbinetto.com.br\/blog\/wp-content\/uploads\/2025\/02\/Captura-de-tela-4.jpg","keywords":["comprar divis\u00f3rias","conforto no trabalho","design de escrit\u00f3rio","divis\u00f3ria corporativa","divis\u00f3rias ac\u00fasticas","divis\u00f3rias de gesso","divis\u00f3rias de qualidade","divis\u00f3rias de vidro","divis\u00f3rias flex\u00edveis","divis\u00f3rias modulares","divis\u00f3rias m\u00f3veis","divis\u00f3rias para escrit\u00f3rio","efici\u00eancia no escrit\u00f3rio","Gabbinetto divis\u00f3rias","mob\u00edlia corporativa","otimiza\u00e7\u00e3o de espa\u00e7o","privacidade no escrit\u00f3rio","solu\u00e7\u00f5es para escrit\u00f3rio","tipos de divis\u00f3ria","vantagens de divis\u00f3rias"],"articleSection":["divis\u00f3ria corporativa"],"inLanguage":"pt-BR","potentialAction":[{"@type":"CommentAction","name":"Comment","target":["https:\/\/www.gabbinetto.com.br\/blog\/divisoria-corporativa\/como-escolher-a-divisoria-corporativa-ideal-para-o-seu-escritorio\/#respond"]}]},{"@type":"WebPage","@id":"https:\/\/www.gabbinetto.com.br\/blog\/divisoria-corporativa\/como-escolher-a-divisoria-corporativa-ideal-para-o-seu-escritorio\/","url":"https:\/\/www.gabbinetto.com.br\/blog\/divisoria-corporativa\/como-escolher-a-divisoria-corporativa-ideal-para-o-seu-escritorio\/","name":"Divis\u00f3ria Corporativa Ideal | Gabbinetto","isPartOf":{"@id":"https:\/\/www.gabbinetto.com.br\/blog\/#website"},"primaryImageOfPage":{"@id":"https:\/\/www.gabbinetto.com.br\/blog\/divisoria-corporativa\/como-escolher-a-divisoria-corporativa-ideal-para-o-seu-escritorio\/#primaryimage"},"image":{"@id":"https:\/\/www.gabbinetto.com.br\/blog\/divisoria-corporativa\/como-escolher-a-divisoria-corporativa-ideal-para-o-seu-escritorio\/#primaryimage"},"thumbnailUrl":"https:\/\/www.gabbinetto.com.br\/blog\/wp-content\/uploads\/2025\/02\/Captura-de-tela-4.jpg","datePublished":"2025-02-11T19:26:59+00:00","dateModified":"2025-12-05T19:40:55+00:00","description":"Escolha a divis\u00f3ria corporativa ideal com as solu\u00e7\u00f5es sob medida da Gabbinetto, garantindo est\u00e9tica e funcionalidade.","breadcrumb":{"@id":"https:\/\/www.gabbinetto.com.br\/blog\/divisoria-corporativa\/como-escolher-a-divisoria-corporativa-ideal-para-o-seu-escritorio\/#breadcrumb"},"inLanguage":"pt-BR","potentialAction":[{"@type":"ReadAction","target":["https:\/\/www.gabbinetto.com.br\/blog\/divisoria-corporativa\/como-escolher-a-divisoria-corporativa-ideal-para-o-seu-escritorio\/"]}]},{"@type":"ImageObject","inLanguage":"pt-BR","@id":"https:\/\/www.gabbinetto.com.br\/blog\/divisoria-corporativa\/como-escolher-a-divisoria-corporativa-ideal-para-o-seu-escritorio\/#primaryimage","url":"https:\/\/www.gabbinetto.com.br\/blog\/wp-content\/uploads\/2025\/02\/Captura-de-tela-4.jpg","contentUrl":"https:\/\/www.gabbinetto.com.br\/blog\/wp-content\/uploads\/2025\/02\/Captura-de-tela-4.jpg","width":698,"height":453,"caption":"Como escolher a divis\u00f3ria corporativa ideal para o seu escrit\u00f3rio"},{"@type":"BreadcrumbList","@id":"https:\/\/www.gabbinetto.com.br\/blog\/divisoria-corporativa\/como-escolher-a-divisoria-corporativa-ideal-para-o-seu-escritorio\/#breadcrumb","itemListElement":[{"@type":"ListItem","position":1,"name":"In\u00edcio","item":"https:\/\/www.gabbinetto.com.br\/blog\/"},{"@type":"ListItem","position":2,"name":"Como escolher a divis\u00f3ria corporativa ideal para o seu escrit\u00f3rio"}]},{"@type":"WebSite","@id":"https:\/\/www.gabbinetto.com.br\/blog\/#website","url":"https:\/\/www.gabbinetto.com.br\/blog\/","name":"Blog Gabbinetto","description":"","publisher":{"@id":"https:\/\/www.gabbinetto.com.br\/blog\/#organization"},"potentialAction":[{"@type":"SearchAction","target":{"@type":"EntryPoint","urlTemplate":"https:\/\/www.gabbinetto.com.br\/blog\/?s={search_term_string}"},"query-input":{"@type":"PropertyValueSpecification","valueRequired":true,"valueName":"search_term_string"}}],"inLanguage":"pt-BR"},{"@type":"Organization","@id":"https:\/\/www.gabbinetto.com.br\/blog\/#organization","name":"Blog Gabbinetto","url":"https:\/\/www.gabbinetto.com.br\/blog\/","logo":{"@type":"ImageObject","inLanguage":"pt-BR","@id":"https:\/\/www.gabbinetto.com.br\/blog\/#\/schema\/logo\/image\/","url":"https:\/\/www.gabbinetto.com.br\/blog\/wp-content\/uploads\/2025\/02\/imagem_2025-02-11_132110436.png","contentUrl":"https:\/\/www.gabbinetto.com.br\/blog\/wp-content\/uploads\/2025\/02\/imagem_2025-02-11_132110436.png","width":734,"height":147,"caption":"Blog Gabbinetto"},"image":{"@id":"https:\/\/www.gabbinetto.com.br\/blog\/#\/schema\/logo\/image\/"}},{"@type":"Person","@id":"https:\/\/www.gabbinetto.com.br\/blog\/#\/schema\/person\/0673bd2aa9044cb05f45399da65c9741","name":"admin","image":{"@type":"ImageObject","inLanguage":"pt-BR","@id":"https:\/\/www.gabbinetto.com.br\/blog\/#\/schema\/person\/image\/","url":"https:\/\/secure.gravatar.com\/avatar\/f3273dd18d95bc19d51d3e6356e4a679e6f13824497272a270e7bb540b0abb9d?s=96&d=mm&r=g","contentUrl":"https:\/\/secure.gravatar.com\/avatar\/f3273dd18d95bc19d51d3e6356e4a679e6f13824497272a270e7bb540b0abb9d?s=96&d=mm&r=g","caption":"admin"},"sameAs":["https:\/\/www.gabbinetto.com.br\/blog"],"url":"https:\/\/www.gabbinetto.com.br\/blog\/author\/admin\/"}]}},"_links":{"self":[{"href":"https:\/\/www.gabbinetto.com.br\/blog\/wp-json\/wp\/v2\/posts\/29","targetHints":{"allow":["GET"]}}],"collection":[{"href":"https:\/\/www.gabbinetto.com.br\/blog\/wp-json\/wp\/v2\/posts"}],"about":[{"href":"https:\/\/www.gabbinetto.com.br\/blog\/wp-json\/wp\/v2\/types\/post"}],"author":[{"embeddable":true,"href":"https:\/\/www.gabbinetto.com.br\/blog\/wp-json\/wp\/v2\/users\/1"}],"replies":[{"embeddable":true,"href":"https:\/\/www.gabbinetto.com.br\/blog\/wp-json\/wp\/v2\/comments?post=29"}],"version-history":[{"count":2,"href":"https:\/\/www.gabbinetto.com.br\/blog\/wp-json\/wp\/v2\/posts\/29\/revisions"}],"predecessor-version":[{"id":80,"href":"https:\/\/www.gabbinetto.com.br\/blog\/wp-json\/wp\/v2\/posts\/29\/revisions\/80"}],"wp:featuredmedia":[{"embeddable":true,"href":"https:\/\/www.gabbinetto.com.br\/blog\/wp-json\/wp\/v2\/media\/78"}],"wp:attachment":[{"href":"https:\/\/www.gabbinetto.com.br\/blog\/wp-json\/wp\/v2\/media?parent=29"}],"wp:term":[{"taxonomy":"category","embeddable":true,"href":"https:\/\/www.gabbinetto.com.br\/blog\/wp-json\/wp\/v2\/categories?post=29"},{"taxonomy":"post_tag","embeddable":true,"href":"https:\/\/www.gabbinetto.com.br\/blog\/wp-json\/wp\/v2\/tags?post=29"}],"curies":[{"name":"wp","href":"https:\/\/api.w.org\/{rel}","templated":true}]}}